{"id":1461,"date":"2025-09-19T14:36:47","date_gmt":"2025-09-19T11:36:47","guid":{"rendered":"https:\/\/www.kiyaslama.net\/blog\/ipados-26-incelemesi-beklentileri-karsilayabilecek-mi\/"},"modified":"2025-09-19T14:36:47","modified_gmt":"2025-09-19T11:36:47","slug":"ipados-26-incelemesi-beklentileri-karsilayabilecek-mi","status":"publish","type":"post","link":"https:\/\/www.kiyaslama.net\/blog\/ipados-26-incelemesi-beklentileri-karsilayabilecek-mi\/","title":{"rendered":"iPadOS 26 \u0130ncelemesi: Beklentileri Kar\u015f\u0131layabilecek Mi?"},"content":{"rendered":"<p>iPadOS 26 incelemesi, Apple&#8217;&#305;n tablet alan&#305;nda sundu&#287;u en son yenilikleri ve iyile&#351;tirmeleri detayland&#305;r&#305;yor. Bu yeni s&uuml;r&uuml;mle birlikte iPad&rsquo;lerin yetenekleri b&uuml;y&uuml;k &ouml;l&ccedil;&uuml;de geli&#351;ti; iPadOS 26 &ouml;zellikleri, kullan&#305;c&#305;lar&#305;n uygulamalar&#305; yan yana dizme imkan&#305; sayesinde verimlili&#287;i artt&#305;r&#305;yor. Apple &uuml;r&uuml;nleri aras&#305;nda iPad, art&#305;k daha &ouml;nce hi&ccedil; olmad&#305;&#287;&#305; kadar g&uuml;&ccedil;l&uuml; ve esnek bir cihaz olarak &ouml;ne &ccedil;&#305;k&#305;yor. Ancak, iPad ile Mac kar&#351;&#305;la&#351;t&#305;rmas&#305; yap&#305;ld&#305;&#287;&#305;nda, baz&#305; k&#305;s&#305;tlamalar hala mevcut; yani, iPad&#8217;iniz bir MacBook gibi kesinlikle &ccedil;al&#305;&#351;m&#305;yor. Genel olarak, iPad yeni s&uuml;r&uuml;m ile beraber deneyimi zenginle&#351;tiriyor, fakat hala bir diz&uuml;st&uuml; bilgisayara tam anlam&#305;yla alternatif olma yolunda eksiklikler var.<\/p>\n<p>Sonu&ccedil; olarak, iPadOS 26 yaz&#305;l&#305;m&#305;, Apple&rsquo;&#305;n tabletlerini yeni bir seviyeye ta&#351;&#305;yan &ouml;nemli bir g&uuml;ncelleme olarak dikkat &ccedil;ekiyor. Geli&#351;mi&#351; &ccedil;oklu g&ouml;rev y&ouml;netimi ve yeni tasar&#305;m &ouml;zellikleri, kullan&#305;c&#305;lar&#305;n iPad tablet incelemesi yapmak i&ccedil;in daha fazla sebep sunuyor. Geleneksel diz&uuml;st&uuml; bilgisayarlarla k&#305;yasland&#305;&#287;&#305;nda, iPad&rsquo;in sa&#287;lad&#305;&#287;&#305; uygulama y&ouml;netimi ve eri&#351;im se&ccedil;enekleri, verimli bir &ccedil;al&#305;&#351;ma ortam&#305; olu&#351;turuyor. Ancak, baz&#305; teknik s&#305;n&#305;rlamalar ve g&ouml;rsel k&#305;s&#305;tlamalar, iPad&rsquo;in potansiyelini tam olarak ger&ccedil;ekle&#351;tirmesine engel oluyor. Bu g&uuml;ncelleme sayesinde, iPad art&#305;k g&uuml;&ccedil;l&uuml; bir yard&#305;mc&#305; ara&ccedil; haline geldi, ama yine de bir diz&uuml;st&uuml; bilgisayar g&ouml;revi tam anlam&#305;yla &uuml;stlenemiyor.<\/p>\n<p><\/p>\n<h2>iPadOS 26 &Ouml;zellikleri<\/h2>\n<p>iPadOS 26, Apple&#8217;&#305;n tabletlerini daha i&#351;levsel ve kullan&#305;c&#305; dostu hale getiren bir dizi yeni &ouml;zellikle geldi. Uygulamalar&#305;n yan yana dizilmesi, 15 y&#305;ll&#305;k bir bekleyi&#351;in ard&#305;ndan nihayet m&uuml;mk&uuml;n hale geldi ve bu &ouml;zellik, kullan&#305;c&#305;lar&#305;n ayn&#305; anda birden fazla uygulamayla daha etkili bir &#351;ekilde &ccedil;al&#305;&#351;malar&#305;n&#305; sa&#287;l&#305;yor. Kullan&#305;c&#305;lar, ekran&#305;n &uuml;st k&#305;sm&#305;ndan kayd&#305;rarak a&ccedil;&#305;k uygulamalar&#305; kolayca g&ouml;r&uuml;nt&uuml;leyebilir ve ihtiya&ccedil; duyduklar&#305; verilere an&#305;nda eri&#351;ebilirler. Bu &ouml;zellik, iPad&#8217;in &ccedil;al&#305;&#351;ma &#351;eklini k&ouml;kl&uuml; bir bi&ccedil;imde de&#287;i&#351;tiriyor ve tabletin potansiyelini daha da a&ccedil;&#305;&#287;a &ccedil;&#305;kar&#305;yor.<\/p>\n<p>Ayr&#305;ca, Liquid Glass g&ouml;r&uuml;n&uuml;m&uuml; ile uygulamalar aras&#305;ndaki ge&ccedil;i&#351;ler art&#305;k daha ak&#305;c&#305; hale geldi. Doldur &amp; D&uuml;zenle &ouml;zelli&#287;i sayesinde, kullan&#305;c&#305;lar uygulamalar&#305; kolayca birka&ccedil; t&#305;klama ile istedikleri bi&ccedil;imde d&uuml;zenleyebiliyor. &Ouml;zellikle, iPad&rsquo;in y&uuml;ksek performansl&#305; M serisi &ccedil;ipleri ile birle&#351;ti&#287;inde, bu yeni g&uuml;ncellemeler, iPad&#8217;i daha &ouml;nce d&uuml;&#351;&uuml;nmedi&#287;imiz &#351;ekilde ofis g&ouml;revleri i&ccedil;in bir ara&ccedil; haline getiriyor. Ancak, &ccedil;e&#351;itli s&#305;n&#305;rlamalar&#305;n hala mevcut oldu&#287;unu unutmamak gerek. Harici monit&ouml;r deste&#287;inin eksiklikleri, kullan&#305;c&#305; deneyimini olumsuz etkileyebiliyor.<\/p>\n<p><\/p>\n<h2>S&#305;k&ccedil;a Sorulan Sorular<\/h2>\n<div class=\"faq-section\">\n<div class=\"faq-item\">\n<h3>iPadOS 26 incelemesi ile hangi yenilikler geldi?<\/h3>\n<p>iPadOS 26 incelemesi, iPad&#8217;lere yan yana uygulama dizme yetene&#287;i gibi &ouml;nemli yenilikler getirdi. Kullan&#305;c&#305;lar art&#305;k uygulamalar&#305;n&#305; daha esnek bir &#351;ekilde y&ouml;netebilir ve &ccedil;oklu g&ouml;rev yaparken daha fazla se&ccedil;ene&#287;e sahip olabiliyorlar.<\/p>\n<\/div>\n<div class=\"faq-item\">\n<h3>iPadOS 26 &ouml;zellikleri neler?<\/h3>\n<p>iPadOS 26&#8217;n&#305;n &ouml;zellikleri aras&#305;nda uygulamalar&#305; katmanl&#305; pencerelerde g&ouml;sterme, Liquid Glass g&ouml;r&uuml;n&uuml;m&uuml;, Doldur &amp; D&uuml;zenle toolu ile uygulama d&uuml;zenleme ve daha iyi dosya eri&#351;imi bulunmaktad&#305;r. Bu &ouml;zellikler, iPad&#8217;i daha i&#351;levsel ve verimli hale getiriyor.<\/p>\n<\/div>\n<div class=\"faq-item\">\n<h3>iPad tablet incelemesi ile Apple &uuml;r&uuml;nleri aras&#305;ndaki farklar nelerdir?<\/h3>\n<p>iPad tablet incelemesi, iPad&#8217;in donan&#305;m ve yaz&#305;l&#305;m &ouml;zelliklerini vurgularken, Apple &uuml;r&uuml;nleri genel olarak &#351;irketin t&uuml;m cihazlar&#305;n&#305; kapsar. iPadOS 26 ile gelen geli&#351;tirmeler, iPad&#8217;lerin masa&uuml;st&uuml; deneyimi sunmas&#305;n&#305; sa&#287;layarak bu &uuml;r&uuml;nler aras&#305;ndaki i&#351;levsel farklar&#305; azalt&#305;yor.<\/p>\n<\/div>\n<div class=\"faq-item\">\n<h3>iPad yeni s&uuml;r&uuml;m ile Mac kar&#351;&#305;la&#351;t&#305;rmas&#305; nas&#305;l yap&#305;l&#305;r?<\/h3>\n<p>iPad&#8217;in yeni s&uuml;r&uuml;m&uuml; olan iPadOS 26, baz&#305; a&ccedil;&#305;lardan Mac ile benzer &ouml;zellikler sunsa da, hala k&#305;s&#305;tlamalara sahip. iPad, dokunmatik ekran&#305;yla daha ta&#351;&#305;nabilir bir &ccedil;&ouml;z&uuml;m sa&#287;larken, Mac daha g&uuml;&ccedil;l&uuml; &ccedil;oklu g&ouml;rev performans&#305; sunuyor.<\/p>\n<\/div>\n<div class=\"faq-item\">\n<h3>iPadOS 26 ile MacBook aras&#305;ndaki en b&uuml;y&uuml;k farklar nelerdir?<\/h3>\n<p>iPadOS 26, iPad tabletlerin i&#351;levselli&#287;ini art&#305;rmas&#305;na ra&#287;men, MacBook&#8217;un sundu&#287;u tam a&ccedil;&#305;k pencere y&ouml;netimi gibi &ouml;zelliklerden yoksundur. Mac, daha g&uuml;&ccedil;l&uuml; performans ve uygulama deste&#287;i sunarken, iPad daha ta&#351;&#305;nabilir ve kullan&#305;c&#305; dostu bir deneyim sa&#287;lar.<\/p>\n<\/div>\n<div class=\"faq-item\">\n<h3>iPadOS 26 ile birlikte iPad&#8217;ler daha m&#305; kullan&#305;&#351;l&#305; hale geldi?<\/h3>\n<p>Evet, iPadOS 26 ile birlikte kullan&#305;c&#305;lar i&ccedil;in &ccedil;ok daha fazla se&ccedil;enek ve kullan&#305;m kolayl&#305;&#287;&#305; sa&#287;land&#305;. Ancak, hala baz&#305; donan&#305;m s&#305;n&#305;rlamalar&#305; nedeniyle, iPad&#8217;in diz&uuml;st&uuml; bilgisayar gibi kullan&#305;lmas&#305; istenen seviyeye ula&#351;amamaktad&#305;r.<\/p>\n<\/div>\n<div class=\"faq-item\">\n<h3>iPadOS 26&#8217;n&#305;n en &ouml;nemli avantajlar&#305; nelerdir?<\/h3>\n<p>iPadOS 26&#8217;n&#305;n en &ouml;nemli avantajlar&#305; aras&#305;nda uygulama diziliminin sorunsuz olmas&#305;, yeni dosyalara eri&#351;im se&ccedil;enekleri ve y&uuml;ksek performansl&#305; iPad&#8217;ler i&ccedil;in sunulan yeni imkanlar bulunmaktad&#305;r. Bu yenilikler, tablet deneyimini &ouml;nemli &ouml;l&ccedil;&uuml;de iyile&#351;tiriyor.<\/p>\n<\/div>\n<\/div>\n<table border=\"1\" cellpadding=\"10\" cellspacing=\"0\">\n<tr>\n<th colspan=\"1\" rowspan=\"1\">Ana Noktalar<\/th>\n<th colspan=\"1\" rowspan=\"1\">A&ccedil;&#305;klama<\/th>\n<\/tr>\n<tr>\n<td colspan=\"1\" rowspan=\"1\">Geli&#351;tirilen Uygulama D&uuml;zeni<\/td>\n<td colspan=\"1\" rowspan=\"1\">iPadOS 26, uygulamalar&#305;n yan yana yerle&#351;tirilmesine olanak tan&#305;r.<\/td>\n<\/tr>\n<tr>\n<td colspan=\"1\" rowspan=\"1\">Geli&#351;mi&#351; Ekran &Ouml;zellikleri<\/td>\n<td colspan=\"1\" rowspan=\"1\">Apple, 2026 y&#305;l&#305;nda OLED ekranl&#305; MacBook Pro&#8217;nun piyasaya s&uuml;r&uuml;lece&#287;ini &ouml;ne s&uuml;rmektedir.<\/td>\n<\/tr>\n<tr>\n<td colspan=\"1\" rowspan=\"1\">Art&#305;lar<\/td>\n<td colspan=\"1\" rowspan=\"1\">&#8211; Sorunsuz uygulama dizilimi<br \/>\n &#8211; Geli&#351;tirilmi&#351; dosya eri&#351;imi<br \/>\n &#8211; Y&uuml;ksek performansl&#305; iPad&#8217;lerin potansiyeli<\/td>\n<\/tr>\n<tr>\n<td colspan=\"1\" rowspan=\"1\">Eksiler<\/td>\n<td colspan=\"1\" rowspan=\"1\">&#8211; Sorunlu harici monit&ouml;r deste&#287;i<br \/>\n &#8211; Uygulamalar&#305;n boyut k&#305;s&#305;tlamalar&#305;<\/td>\n<\/tr>\n<tr>\n<td colspan=\"1\" rowspan=\"1\">Zaman<\/td>\n<td colspan=\"1\" rowspan=\"1\">iPad, 2010&#8217;dan beri geli&#351;iyor ve 15 y&#305;l sonra iPadOS 26 ile &ouml;nemli de&#287;i&#351;im ge&ccedil;iriyor.<\/td>\n<\/tr>\n<\/table>\n<p><\/p>\n<h2>&Ouml;zet<\/h2>\n<p>iPadOS 26 incelemesi, iPad&#8217;lerin i&#351;levselli&#287;ini &ouml;nemli &ouml;l&ccedil;&uuml;de art&#305;ran bir g&uuml;ncelleme olarak kar&#351;&#305;m&#305;za &ccedil;&#305;k&#305;yor. Ancak, hala s&#305;n&#305;rlamalar i&ccedil;eriyor.<\/p>\n<p><\/p>\n","protected":false},"excerpt":{"rendered":"<p>iPadOS 26 incelemesi, Apple&#8217;\u0131n tablet alan\u0131nda sundu\u011fu en son yenilikleri ve iyile\u015ftirmeleri detayland\u0131r\u0131yor.Bu yeni s\u00fcr\u00fcmle birlikte iPad\u2019lerin yetenekleri b\u00fcy\u00fck \u00f6l\u00e7\u00fcde geli\u015fti; iPadOS 26 \u00f6zellikleri, kullan\u0131c\u0131lar\u0131n uygulamalar\u0131 yan yana dizme imkan\u0131 sayesinde verimlili\u011fi artt\u0131r\u0131yor.<\/p>\n","protected":false},"author":1,"featured_media":1462,"comment_status":"","ping_status":"open","sticky":false,"template":"","format":"standard","meta":{"footnotes":"","jetpack_publicize_message":"","jetpack_publicize_feature_enabled":true,"jetpack_social_post_already_shared":true,"jetpack_social_options":{"image_generator_settings":{"template":"highway","default_image_id":0,"font":"","enabled":false},"version":2}},"categories":[183],"tags":[234,1854,1852,1853,1850,1851],"class_list":["post-1461","post","type-post","status-publish","format-standard","has-post-thumbnail","hentry","category-inceleme","tag-apple-urunleri","tag-ipad-ile-mac-karsilastirmasi","tag-ipad-tablet-incelemesi","tag-ipad-yeni-surum","tag-ipados-26-incelemesi","tag-ipados-26-ozellikleri"],"yoast_head":"<!-- This site is optimized with the Yoast SEO plugin v25.9 - https:\/\/yoast.com\/wordpress\/plugins\/seo\/ -->\n<title>iPadOS 26 \u0130ncelemesi: Beklentileri Kar\u015f\u0131layabilecek Mi?<\/title>\n<meta name=\"description\" content=\"iPadOS 26 incelemesi, Apple&#039;&#305;n tablet alan&#305;nda sundu&#287;u en son yenilikleri ve iyile&#351;tirmeleri detayland&#305;r&#305;yor. Bu yeni s&amp;uuml\" \/>\n<meta name=\"robots\" content=\"index, follow, max-snippet:-1, max-image-preview:large, max-video-preview:-1\" \/>\n<link rel=\"canonical\" href=\"https:\/\/www.kiyaslama.net\/blog\/ipados-26-incelemesi-beklentileri-karsilayabilecek-mi\/\" \/>\n<meta property=\"og:locale\" content=\"tr_TR\" \/>\n<meta property=\"og:type\" content=\"article\" \/>\n<meta property=\"og:title\" content=\"iPadOS 26 \u0130ncelemesi: Beklentileri Kar\u015f\u0131layabilecek Mi?\" \/>\n<meta property=\"og:description\" content=\"iPadOS 26 incelemesi, Apple&#039;&#305;n tablet alan&#305;nda sundu&#287;u en son yenilikleri ve iyile&#351;tirmeleri detayland&#305;r&#305;yor. Bu yeni s&amp;uuml\" \/>\n<meta property=\"og:url\" content=\"https:\/\/www.kiyaslama.net\/blog\/ipados-26-incelemesi-beklentileri-karsilayabilecek-mi\/\" \/>\n<meta property=\"og:site_name\" content=\"Kiyaslama.net\" \/>\n<meta property=\"article:publisher\" content=\"https:\/\/www.facebook.com\/kiyaslamanet\/\" \/>\n<meta property=\"article:published_time\" content=\"2025-09-19T11:36:47+00:00\" \/>\n<meta name=\"author\" content=\"kalt\" \/>\n<meta name=\"twitter:card\" content=\"summary_large_image\" \/>\n<meta name=\"twitter:creator\" content=\"@kiyaslamanet\" \/>\n<meta name=\"twitter:site\" content=\"@kiyaslamanet\" \/>\n<meta name=\"twitter:label1\" content=\"Yazan:\" \/>\n\t<meta name=\"twitter:data1\" content=\"kalt\" \/>\n\t<meta name=\"twitter:label2\" content=\"Tahmini okuma s\u00fcresi\" \/>\n\t<meta name=\"twitter:data2\" content=\"6 dakika\" \/>\n<script type=\"application\/ld+json\" class=\"yoast-schema-graph\">{\"@context\":\"https:\/\/schema.org\",\"@graph\":[{\"@type\":\"Article\",\"@id\":\"https:\/\/www.kiyaslama.net\/blog\/ipados-26-incelemesi-beklentileri-karsilayabilecek-mi\/#article\",\"isPartOf\":{\"@id\":\"https:\/\/www.kiyaslama.net\/blog\/ipados-26-incelemesi-beklentileri-karsilayabilecek-mi\/\"},\"author\":{\"name\":\"kalt\",\"@id\":\"https:\/\/www.kiyaslama.net\/blog\/#\/schema\/person\/c81dd0912b8ffe5810303422f7d83190\"},\"headline\":\"iPadOS 26 \u0130ncelemesi: Beklentileri Kar\u015f\u0131layabilecek Mi?\",\"datePublished\":\"2025-09-19T11:36:47+00:00\",\"mainEntityOfPage\":{\"@id\":\"https:\/\/www.kiyaslama.net\/blog\/ipados-26-incelemesi-beklentileri-karsilayabilecek-mi\/\"},\"wordCount\":1123,\"publisher\":{\"@id\":\"https:\/\/www.kiyaslama.net\/blog\/#organization\"},\"image\":{\"@id\":\"https:\/\/www.kiyaslama.net\/blog\/ipados-26-incelemesi-beklentileri-karsilayabilecek-mi\/#primaryimage\"},\"thumbnailUrl\":\"https:\/\/www.kiyaslama.net\/blog\/wp-content\/uploads\/2025\/09\/image_6RB1PP4V7P.png\",\"keywords\":[\"Apple \u00fcr\u00fcnleri\",\"iPad ile Mac kar\u015f\u0131la\u015ft\u0131rmas\u0131\",\"iPad tablet incelemesi\",\"iPad yeni s\u00fcr\u00fcm\",\"iPadOS 26 incelemesi\",\"iPadOS 26 \u00f6zellikleri\"],\"articleSection\":[\"\u0130nceleme\"],\"inLanguage\":\"tr\"},{\"@type\":\"WebPage\",\"@id\":\"https:\/\/www.kiyaslama.net\/blog\/ipados-26-incelemesi-beklentileri-karsilayabilecek-mi\/\",\"url\":\"https:\/\/www.kiyaslama.net\/blog\/ipados-26-incelemesi-beklentileri-karsilayabilecek-mi\/\",\"name\":\"iPadOS 26 \u0130ncelemesi: Beklentileri Kar\u015f\u0131layabilecek Mi?\",\"isPartOf\":{\"@id\":\"https:\/\/www.kiyaslama.net\/blog\/#website\"},\"primaryImageOfPage\":{\"@id\":\"https:\/\/www.kiyaslama.net\/blog\/ipados-26-incelemesi-beklentileri-karsilayabilecek-mi\/#primaryimage\"},\"image\":{\"@id\":\"https:\/\/www.kiyaslama.net\/blog\/ipados-26-incelemesi-beklentileri-karsilayabilecek-mi\/#primaryimage\"},\"thumbnailUrl\":\"https:\/\/www.kiyaslama.net\/blog\/wp-content\/uploads\/2025\/09\/image_6RB1PP4V7P.png\",\"datePublished\":\"2025-09-19T11:36:47+00:00\",\"description\":\"iPadOS 26 incelemesi, Apple'&#305;n tablet alan&#305;nda sundu&#287;u en son yenilikleri ve iyile&#351;tirmeleri detayland&#305;r&#305;yor. Bu yeni s&uuml\",\"breadcrumb\":{\"@id\":\"https:\/\/www.kiyaslama.net\/blog\/ipados-26-incelemesi-beklentileri-karsilayabilecek-mi\/#breadcrumb\"},\"inLanguage\":\"tr\",\"potentialAction\":[{\"@type\":\"ReadAction\",\"target\":[\"https:\/\/www.kiyaslama.net\/blog\/ipados-26-incelemesi-beklentileri-karsilayabilecek-mi\/\"]}]},{\"@type\":\"ImageObject\",\"inLanguage\":\"tr\",\"@id\":\"https:\/\/www.kiyaslama.net\/blog\/ipados-26-incelemesi-beklentileri-karsilayabilecek-mi\/#primaryimage\",\"url\":\"https:\/\/www.kiyaslama.net\/blog\/wp-content\/uploads\/2025\/09\/image_6RB1PP4V7P.png\",\"contentUrl\":\"https:\/\/www.kiyaslama.net\/blog\/wp-content\/uploads\/2025\/09\/image_6RB1PP4V7P.png\",\"width\":1024,\"height\":1024},{\"@type\":\"BreadcrumbList\",\"@id\":\"https:\/\/www.kiyaslama.net\/blog\/ipados-26-incelemesi-beklentileri-karsilayabilecek-mi\/#breadcrumb\",\"itemListElement\":[{\"@type\":\"ListItem\",\"position\":1,\"name\":\"Anasayfa\",\"item\":\"https:\/\/www.kiyaslama.net\/blog\/\"},{\"@type\":\"ListItem\",\"position\":2,\"name\":\"iPadOS 26 \u0130ncelemesi: Beklentileri Kar\u015f\u0131layabilecek Mi?\"}]},{\"@type\":\"WebSite\",\"@id\":\"https:\/\/www.kiyaslama.net\/blog\/#website\",\"url\":\"https:\/\/www.kiyaslama.net\/blog\/\",\"name\":\"Kiyaslama.net\",\"description\":\"\",\"publisher\":{\"@id\":\"https:\/\/www.kiyaslama.net\/blog\/#organization\"},\"potentialAction\":[{\"@type\":\"SearchAction\",\"target\":{\"@type\":\"EntryPoint\",\"urlTemplate\":\"https:\/\/www.kiyaslama.net\/blog\/?s={search_term_string}\"},\"query-input\":{\"@type\":\"PropertyValueSpecification\",\"valueRequired\":true,\"valueName\":\"search_term_string\"}}],\"inLanguage\":\"tr\"},{\"@type\":\"Organization\",\"@id\":\"https:\/\/www.kiyaslama.net\/blog\/#organization\",\"name\":\"Kiyaslama.net\",\"url\":\"https:\/\/www.kiyaslama.net\/blog\/\",\"logo\":{\"@type\":\"ImageObject\",\"inLanguage\":\"tr\",\"@id\":\"https:\/\/www.kiyaslama.net\/blog\/#\/schema\/logo\/image\/\",\"url\":\"https:\/\/www.kiyaslama.net\/blog\/wp-content\/uploads\/2025\/02\/logkfo.png\",\"contentUrl\":\"https:\/\/www.kiyaslama.net\/blog\/wp-content\/uploads\/2025\/02\/logkfo.png\",\"width\":240,\"height\":44,\"caption\":\"Kiyaslama.net\"},\"image\":{\"@id\":\"https:\/\/www.kiyaslama.net\/blog\/#\/schema\/logo\/image\/\"},\"sameAs\":[\"https:\/\/www.facebook.com\/kiyaslamanet\/\",\"https:\/\/x.com\/kiyaslamanet\",\"https:\/\/www.instagram.com\/kiyaslamanet\",\"https:\/\/www.youtube.com\/@kiyaslamanet\",\"https:\/\/tr.pinterest.com\/kiyaslamanet\/\",\"https:\/\/www.linkedin.com\/company\/36130955\/admin\/dashboard\/\",\"https:\/\/www.tiktok.com\/@kiyaslamanet\"]},{\"@type\":\"Person\",\"@id\":\"https:\/\/www.kiyaslama.net\/blog\/#\/schema\/person\/c81dd0912b8ffe5810303422f7d83190\",\"name\":\"kalt\",\"image\":{\"@type\":\"ImageObject\",\"inLanguage\":\"tr\",\"@id\":\"https:\/\/www.kiyaslama.net\/blog\/#\/schema\/person\/image\/\",\"url\":\"https:\/\/secure.gravatar.com\/avatar\/ab08beb7866d1e94b785fe26067d6a4d463d2ba07681f6c8d49a43c752d1639c?s=96&d=mm&r=g\",\"contentUrl\":\"https:\/\/secure.gravatar.com\/avatar\/ab08beb7866d1e94b785fe26067d6a4d463d2ba07681f6c8d49a43c752d1639c?s=96&d=mm&r=g\",\"caption\":\"kalt\"},\"sameAs\":[\"https:\/\/www.kiyaslama.net\/blog\"],\"url\":\"https:\/\/www.kiyaslama.net\/blog\/author\/kalt\/\"}]}<\/script>\n<!-- \/ Yoast SEO plugin. -->","yoast_head_json":{"title":"iPadOS 26 \u0130ncelemesi: Beklentileri Kar\u015f\u0131layabilecek Mi?","description":"iPadOS 26 incelemesi, Apple'&#305;n tablet alan&#305;nda sundu&#287;u en son yenilikleri ve iyile&#351;tirmeleri detayland&#305;r&#305;yor. Bu yeni s&uuml","robots":{"index":"index","follow":"follow","max-snippet":"max-snippet:-1","max-image-preview":"max-image-preview:large","max-video-preview":"max-video-preview:-1"},"canonical":"https:\/\/www.kiyaslama.net\/blog\/ipados-26-incelemesi-beklentileri-karsilayabilecek-mi\/","og_locale":"tr_TR","og_type":"article","og_title":"iPadOS 26 \u0130ncelemesi: Beklentileri Kar\u015f\u0131layabilecek Mi?","og_description":"iPadOS 26 incelemesi, Apple'&#305;n tablet alan&#305;nda sundu&#287;u en son yenilikleri ve iyile&#351;tirmeleri detayland&#305;r&#305;yor. Bu yeni s&uuml","og_url":"https:\/\/www.kiyaslama.net\/blog\/ipados-26-incelemesi-beklentileri-karsilayabilecek-mi\/","og_site_name":"Kiyaslama.net","article_publisher":"https:\/\/www.facebook.com\/kiyaslamanet\/","article_published_time":"2025-09-19T11:36:47+00:00","author":"kalt","twitter_card":"summary_large_image","twitter_creator":"@kiyaslamanet","twitter_site":"@kiyaslamanet","twitter_misc":{"Yazan:":"kalt","Tahmini okuma s\u00fcresi":"6 dakika"},"schema":{"@context":"https:\/\/schema.org","@graph":[{"@type":"Article","@id":"https:\/\/www.kiyaslama.net\/blog\/ipados-26-incelemesi-beklentileri-karsilayabilecek-mi\/#article","isPartOf":{"@id":"https:\/\/www.kiyaslama.net\/blog\/ipados-26-incelemesi-beklentileri-karsilayabilecek-mi\/"},"author":{"name":"kalt","@id":"https:\/\/www.kiyaslama.net\/blog\/#\/schema\/person\/c81dd0912b8ffe5810303422f7d83190"},"headline":"iPadOS 26 \u0130ncelemesi: Beklentileri Kar\u015f\u0131layabilecek Mi?","datePublished":"2025-09-19T11:36:47+00:00","mainEntityOfPage":{"@id":"https:\/\/www.kiyaslama.net\/blog\/ipados-26-incelemesi-beklentileri-karsilayabilecek-mi\/"},"wordCount":1123,"publisher":{"@id":"https:\/\/www.kiyaslama.net\/blog\/#organization"},"image":{"@id":"https:\/\/www.kiyaslama.net\/blog\/ipados-26-incelemesi-beklentileri-karsilayabilecek-mi\/#primaryimage"},"thumbnailUrl":"https:\/\/www.kiyaslama.net\/blog\/wp-content\/uploads\/2025\/09\/image_6RB1PP4V7P.png","keywords":["Apple \u00fcr\u00fcnleri","iPad ile Mac kar\u015f\u0131la\u015ft\u0131rmas\u0131","iPad tablet incelemesi","iPad yeni s\u00fcr\u00fcm","iPadOS 26 incelemesi","iPadOS 26 \u00f6zellikleri"],"articleSection":["\u0130nceleme"],"inLanguage":"tr"},{"@type":"WebPage","@id":"https:\/\/www.kiyaslama.net\/blog\/ipados-26-incelemesi-beklentileri-karsilayabilecek-mi\/","url":"https:\/\/www.kiyaslama.net\/blog\/ipados-26-incelemesi-beklentileri-karsilayabilecek-mi\/","name":"iPadOS 26 \u0130ncelemesi: Beklentileri Kar\u015f\u0131layabilecek Mi?","isPartOf":{"@id":"https:\/\/www.kiyaslama.net\/blog\/#website"},"primaryImageOfPage":{"@id":"https:\/\/www.kiyaslama.net\/blog\/ipados-26-incelemesi-beklentileri-karsilayabilecek-mi\/#primaryimage"},"image":{"@id":"https:\/\/www.kiyaslama.net\/blog\/ipados-26-incelemesi-beklentileri-karsilayabilecek-mi\/#primaryimage"},"thumbnailUrl":"https:\/\/www.kiyaslama.net\/blog\/wp-content\/uploads\/2025\/09\/image_6RB1PP4V7P.png","datePublished":"2025-09-19T11:36:47+00:00","description":"iPadOS 26 incelemesi, Apple'&#305;n tablet alan&#305;nda sundu&#287;u en son yenilikleri ve iyile&#351;tirmeleri detayland&#305;r&#305;yor. Bu yeni s&uuml","breadcrumb":{"@id":"https:\/\/www.kiyaslama.net\/blog\/ipados-26-incelemesi-beklentileri-karsilayabilecek-mi\/#breadcrumb"},"inLanguage":"tr","potentialAction":[{"@type":"ReadAction","target":["https:\/\/www.kiyaslama.net\/blog\/ipados-26-incelemesi-beklentileri-karsilayabilecek-mi\/"]}]},{"@type":"ImageObject","inLanguage":"tr","@id":"https:\/\/www.kiyaslama.net\/blog\/ipados-26-incelemesi-beklentileri-karsilayabilecek-mi\/#primaryimage","url":"https:\/\/www.kiyaslama.net\/blog\/wp-content\/uploads\/2025\/09\/image_6RB1PP4V7P.png","contentUrl":"https:\/\/www.kiyaslama.net\/blog\/wp-content\/uploads\/2025\/09\/image_6RB1PP4V7P.png","width":1024,"height":1024},{"@type":"BreadcrumbList","@id":"https:\/\/www.kiyaslama.net\/blog\/ipados-26-incelemesi-beklentileri-karsilayabilecek-mi\/#breadcrumb","itemListElement":[{"@type":"ListItem","position":1,"name":"Anasayfa","item":"https:\/\/www.kiyaslama.net\/blog\/"},{"@type":"ListItem","position":2,"name":"iPadOS 26 \u0130ncelemesi: Beklentileri Kar\u015f\u0131layabilecek Mi?"}]},{"@type":"WebSite","@id":"https:\/\/www.kiyaslama.net\/blog\/#website","url":"https:\/\/www.kiyaslama.net\/blog\/","name":"Kiyaslama.net","description":"","publisher":{"@id":"https:\/\/www.kiyaslama.net\/blog\/#organization"},"potentialAction":[{"@type":"SearchAction","target":{"@type":"EntryPoint","urlTemplate":"https:\/\/www.kiyaslama.net\/blog\/?s={search_term_string}"},"query-input":{"@type":"PropertyValueSpecification","valueRequired":true,"valueName":"search_term_string"}}],"inLanguage":"tr"},{"@type":"Organization","@id":"https:\/\/www.kiyaslama.net\/blog\/#organization","name":"Kiyaslama.net","url":"https:\/\/www.kiyaslama.net\/blog\/","logo":{"@type":"ImageObject","inLanguage":"tr","@id":"https:\/\/www.kiyaslama.net\/blog\/#\/schema\/logo\/image\/","url":"https:\/\/www.kiyaslama.net\/blog\/wp-content\/uploads\/2025\/02\/logkfo.png","contentUrl":"https:\/\/www.kiyaslama.net\/blog\/wp-content\/uploads\/2025\/02\/logkfo.png","width":240,"height":44,"caption":"Kiyaslama.net"},"image":{"@id":"https:\/\/www.kiyaslama.net\/blog\/#\/schema\/logo\/image\/"},"sameAs":["https:\/\/www.facebook.com\/kiyaslamanet\/","https:\/\/x.com\/kiyaslamanet","https:\/\/www.instagram.com\/kiyaslamanet","https:\/\/www.youtube.com\/@kiyaslamanet","https:\/\/tr.pinterest.com\/kiyaslamanet\/","https:\/\/www.linkedin.com\/company\/36130955\/admin\/dashboard\/","https:\/\/www.tiktok.com\/@kiyaslamanet"]},{"@type":"Person","@id":"https:\/\/www.kiyaslama.net\/blog\/#\/schema\/person\/c81dd0912b8ffe5810303422f7d83190","name":"kalt","image":{"@type":"ImageObject","inLanguage":"tr","@id":"https:\/\/www.kiyaslama.net\/blog\/#\/schema\/person\/image\/","url":"https:\/\/secure.gravatar.com\/avatar\/ab08beb7866d1e94b785fe26067d6a4d463d2ba07681f6c8d49a43c752d1639c?s=96&d=mm&r=g","contentUrl":"https:\/\/secure.gravatar.com\/avatar\/ab08beb7866d1e94b785fe26067d6a4d463d2ba07681f6c8d49a43c752d1639c?s=96&d=mm&r=g","caption":"kalt"},"sameAs":["https:\/\/www.kiyaslama.net\/blog"],"url":"https:\/\/www.kiyaslama.net\/blog\/author\/kalt\/"}]}},"jetpack_publicize_connections":[],"_links":{"self":[{"href":"https:\/\/www.kiyaslama.net\/blog\/wp-json\/wp\/v2\/posts\/1461","targetHints":{"allow":["GET"]}}],"collection":[{"href":"https:\/\/www.kiyaslama.net\/blog\/wp-json\/wp\/v2\/posts"}],"about":[{"href":"https:\/\/www.kiyaslama.net\/blog\/wp-json\/wp\/v2\/types\/post"}],"author":[{"embeddable":true,"href":"https:\/\/www.kiyaslama.net\/blog\/wp-json\/wp\/v2\/users\/1"}],"replies":[{"embeddable":true,"href":"https:\/\/www.kiyaslama.net\/blog\/wp-json\/wp\/v2\/comments?post=1461"}],"version-history":[{"count":0,"href":"https:\/\/www.kiyaslama.net\/blog\/wp-json\/wp\/v2\/posts\/1461\/revisions"}],"wp:featuredmedia":[{"embeddable":true,"href":"https:\/\/www.kiyaslama.net\/blog\/wp-json\/wp\/v2\/media\/1462"}],"wp:attachment":[{"href":"https:\/\/www.kiyaslama.net\/blog\/wp-json\/wp\/v2\/media?parent=1461"}],"wp:term":[{"taxonomy":"category","embeddable":true,"href":"https:\/\/www.kiyaslama.net\/blog\/wp-json\/wp\/v2\/categories?post=1461"},{"taxonomy":"post_tag","embeddable":true,"href":"https:\/\/www.kiyaslama.net\/blog\/wp-json\/wp\/v2\/tags?post=1461"}],"curies":[{"name":"wp","href":"https:\/\/api.w.org\/{rel}","templated":true}]}}